{"id":1829,"date":"2026-02-26T12:28:30","date_gmt":"2026-02-26T12:28:30","guid":{"rendered":"https:\/\/editoraadonis.com.br\/blog\/?p=1829"},"modified":"2026-02-26T12:35:37","modified_gmt":"2026-02-26T12:35:37","slug":"editora-adonis-promove-oficina-gratuita-de-mediacao-de-leitura-neste-sabado-28","status":"publish","type":"post","link":"https:\/\/editoraadonis.com.br\/blog\/?p=1829","title":{"rendered":"Editora Adonis promove oficina gratuita de media\u00e7\u00e3o de leitura, neste s\u00e1bado (28)"},"content":{"rendered":"\n<figure class=\"wp-block-image size-large\"><img loading=\"lazy\" decoding=\"async\" width=\"1024\" height=\"683\" src=\"https:\/\/editoraadonis.com.br\/blog\/wp-content\/uploads\/2026\/02\/Final-Fotos-Adonis_524-1024x683.jpg\" alt=\"\" class=\"wp-image-1830\" srcset=\"https:\/\/editoraadonis.com.br\/blog\/wp-content\/uploads\/2026\/02\/Final-Fotos-Adonis_524-1024x683.jpg 1024w, https:\/\/editoraadonis.com.br\/blog\/wp-content\/uploads\/2026\/02\/Final-Fotos-Adonis_524-300x200.jpg 300w, https:\/\/editoraadonis.com.br\/blog\/wp-content\/uploads\/2026\/02\/Final-Fotos-Adonis_524-768x512.jpg 768w, https:\/\/editoraadonis.com.br\/blog\/wp-content\/uploads\/2026\/02\/Final-Fotos-Adonis_524-1536x1024.jpg 1536w, https:\/\/editoraadonis.com.br\/blog\/wp-content\/uploads\/2026\/02\/Final-Fotos-Adonis_524-2048x1365.jpg 2048w, https:\/\/editoraadonis.com.br\/blog\/wp-content\/uploads\/2026\/02\/Final-Fotos-Adonis_524-909x606.jpg 909w\" sizes=\"auto, (max-width: 1024px) 100vw, 1024px\" \/><\/figure>\n\n\n\n<p>A Editora Adonis realiza no s\u00e1bado (28), das 9 \u00e0s 11 horas, em Adon\u00f3polis, a oficina gratuita &#8220;Media\u00e7\u00e3o de leitura&#8221;. O encontro, que tamb\u00e9m inclui bate-papo com os participantes, ser\u00e1 conduzido pela pedagoga, escritora e contadora de hist\u00f3rias, Vanessa Aranha Morimoto. As inscri\u00e7\u00f5es s\u00e3o limitadas e devem ser feitas pelo WhatsApp (19) 99186-5479. Adon\u00f3polis, espa\u00e7o de conviv\u00eancia liter\u00e1ria criado pela Editora Adonis, fica localizado na Rua Jos\u00e9 Bonif\u00e1cio, 174, em Americana.<\/p>\n\n\n\n<p>A oficina \u00e9 destinada a pais e m\u00e3es que desejam ler mais com seus filhos; fam\u00edlias que acreditam que n\u00e3o sabem contar hist\u00f3rias; aqueles que querem criar momentos de qualidade com as crian\u00e7as; e aqueles que acreditam que educar tamb\u00e9m \u00e9 brincar e contar hist\u00f3rias. &#8220;Ler e contar hist\u00f3rias \u00e9 muito mais do que acompanhar palavras em um livro. \u00c9 criar v\u00ednculo, presen\u00e7a, escuta e mem\u00f3ria afetiva&#8221;, ressalta Vanessa.<\/p>\n\n\n\n<p>Durante o encontro, ser\u00e3o propostas experi\u00eancias, reflex\u00f5es e pr\u00e1ticas a fim de ajudar pais e interessados no tema a se sentirem mais seguros e confiantes para mediar a leitura no dia a dia, transformando hist\u00f3rias em momentos de afeto. &#8220;No encontro, as fam\u00edlias ser\u00e3o convidadas a vivenciar a leitura de forma leve, poss\u00edvel e verdadeira, entendendo que n\u00e3o existe jeito certo, mas, sim, o jeito que nasce do encontro entre adulto e crian\u00e7a&#8221;, destaca.<\/p>\n\n\n\n<p>Entre os pontos abordados est\u00e3o: o papel do adulto como mediador de leitura; como escolher livros para diferentes idades; leitura em voz alta: tom, ritmo e inten\u00e7\u00e3o; conta\u00e7\u00e3o de hist\u00f3rias de forma simples e afetiva; como criar momentos de leitura em casa; e a leitura como experi\u00eancia brincante e de v\u00ednculo.<\/p>\n\n\n\n<p><strong>Sobre a formadora<\/strong><br>Vanessa Aranha Morimoto \u00e9 pedagoga, especialista em Educa\u00e7\u00e3o Infantil, contadora de hist\u00f3rias h\u00e1 mais de 20 anos e educadora brincante, formada pelo Instituto Brincante (SP). Atua com crian\u00e7as, fam\u00edlias e educadores, e acredita que a leitura, quando nasce do afeto, acompanha a crian\u00e7a por toda a vida.<\/p>\n","protected":false},"excerpt":{"rendered":"<p>A Editora Adonis realiza no s\u00e1bado (28), das 9 \u00e0s 11 horas, em Adon\u00f3polis, a oficina gratuita &#8220;Media\u00e7\u00e3o de leitura&#8221;. O encontro, que tamb\u00e9m inclui bate-papo com os participantes, ser\u00e1 [&hellip;]<\/p>\n","protected":false},"author":2,"featured_media":1830,"comment_status":"open","ping_status":"closed","sticky":false,"template":"","format":"standard","meta":{"footnotes":""},"categories":[44],"tags":[],"class_list":["post-1829","post","type-post","status-publish","format-standard","has-post-thumbnail","hentry","category-acontece"],"_links":{"self":[{"href":"https:\/\/editoraadonis.com.br\/blog\/index.php?rest_route=\/wp\/v2\/posts\/1829","targetHints":{"allow":["GET"]}}],"collection":[{"href":"https:\/\/editoraadonis.com.br\/blog\/index.php?rest_route=\/wp\/v2\/posts"}],"about":[{"href":"https:\/\/editoraadonis.com.br\/blog\/index.php?rest_route=\/wp\/v2\/types\/post"}],"author":[{"embeddable":true,"href":"https:\/\/editoraadonis.com.br\/blog\/index.php?rest_route=\/wp\/v2\/users\/2"}],"replies":[{"embeddable":true,"href":"https:\/\/editoraadonis.com.br\/blog\/index.php?rest_route=%2Fwp%2Fv2%2Fcomments&post=1829"}],"version-history":[{"count":1,"href":"https:\/\/editoraadonis.com.br\/blog\/index.php?rest_route=\/wp\/v2\/posts\/1829\/revisions"}],"predecessor-version":[{"id":1831,"href":"https:\/\/editoraadonis.com.br\/blog\/index.php?rest_route=\/wp\/v2\/posts\/1829\/revisions\/1831"}],"wp:featuredmedia":[{"embeddable":true,"href":"https:\/\/editoraadonis.com.br\/blog\/index.php?rest_route=\/wp\/v2\/media\/1830"}],"wp:attachment":[{"href":"https:\/\/editoraadonis.com.br\/blog\/index.php?rest_route=%2Fwp%2Fv2%2Fmedia&parent=1829"}],"wp:term":[{"taxonomy":"category","embeddable":true,"href":"https:\/\/editoraadonis.com.br\/blog\/index.php?rest_route=%2Fwp%2Fv2%2Fcategories&post=1829"},{"taxonomy":"post_tag","embeddable":true,"href":"https:\/\/editoraadonis.com.br\/blog\/index.php?rest_route=%2Fwp%2Fv2%2Ftags&post=1829"}],"curies":[{"name":"wp","href":"https:\/\/api.w.org\/{rel}","templated":true}]}}