{"id":1749,"date":"2025-01-15T17:13:28","date_gmt":"2025-01-15T17:13:28","guid":{"rendered":"https:\/\/editoraadonis.com.br\/blog\/?p=1749"},"modified":"2025-01-15T17:13:29","modified_gmt":"2025-01-15T17:13:29","slug":"delicadeza-e-tema-de-novo-livro-infantojuvenil-de-luciene-tognetta-lancado-pela-editora-adonis","status":"publish","type":"post","link":"https:\/\/editoraadonis.com.br\/blog\/?p=1749","title":{"rendered":"Delicadeza \u00e9 tema de novo livro infantojuvenil de\u00a0Luciene Tognetta, lan\u00e7ado\u00a0pela Editora Adonis"},"content":{"rendered":"\n<p>Um livro que fala sobre delicadeza para com os outros, empatia e generosidade de sentimentos \u00e9 o novo lan\u00e7amento da Editora Adonis. Escrito por Luciene Tognetta e ilustrado por Bill Borges, &#8216;A menina que engoliu o Sol&#8217; ser\u00e1 lan\u00e7ado no s\u00e1bado (25), \u00e0s 10 horas, em Adon\u00f3polis. O evento contar\u00e1 com sess\u00e3o de aut\u00f3grafos, bate-papo com a escritora, conta\u00e7\u00e3o de hist\u00f3rias e din\u00e2micas brincantes. Para a participa\u00e7\u00e3o gratuita \u00e9 necess\u00e1ria inscri\u00e7\u00e3o pr\u00e9via no site (www.adonopolis.com.br\/#agenda).<br><br>A escritora\u00a0revela que a ideia do livro surgiu de seu encantamento por dias ensolarados.\u00a0\u201cEu sempre tive uma queda especial pelo Sol.\u00a0Lembro dos meus desenhos quando era crian\u00e7a: tinha\u00a0Sol\u00a0e quando penso em paisagem, a primeira imagem que me vem a cabe\u00e7a \u00e9\u00a0ele. Ent\u00e3o, acho que chegou a hora de eu escrever um livro sobre o\u00a0Sol\u201d,\u00a0confessa. \u201cEu tenho uma amiga que \u00e9 ruiva\u00a0com aquelas pintinhas no rosto e o cabelo vermelho,\u00a0que\u00a0s\u00e3o demais&#8230; Ela andava meio triste e ent\u00e3o, certo dia, lhe escrevi uma mensagem de esperan\u00e7a, dizendo o quanto eu a achava linda, como se ela tivesse engolido o Sol. Bom, tinha surgido a ideia. Da\u00ed, a criar uma hist\u00f3ria sobre uma menina ruiva que engoliu o Sol foi um &#8216;tirinho&#8217;\u2026\u201d,\u00a0completa.<br><br>O lado pesquisadora de Luciene tamb\u00e9m se faz presente na hist\u00f3ria. \u201cEu quero muito que os meus livros ajudem as crian\u00e7as a aprender com as minhas hist\u00f3rias a conviver de uma maneira melhor neste mundo, coisa que os adultos n\u00e3o t\u00eam sabido fazer\u2026 A\u00ed pensei: aprender a dizer o que se sente com palavras que n\u00e3o ofendem \u00e9 como engolir o Sol j\u00e1 que, pra mim, o Sol ilumina tanto, clareia o dia\u2026\u201d, revela.<br><br>A publica\u00e7\u00e3o tamb\u00e9m marca a estreia da parceria da escritora americanense com o ilustrador e escritor paulista, de Pen\u00e1polis, Bill Borges, que atualmente vive na capital. Entre os mais de 70 livros que ilustrou, est\u00e3o os de autores como Monteiro Lobato. O ilustrador \u00e9 formado em Magist\u00e9rio e Design.<br><br>Sobre a escritora<br>Formada em Pedagogia e Psicopedagogia, Luciene Tognetta possui Mestrado, Doutorado no Brasil e na Su\u00ed\u00e7a, e P\u00f3s-Doutorado em Portugal, al\u00e9m de Livre-Doc\u00eancia. \u00c9 professora na Gradua\u00e7\u00e3o e P\u00f3s-Gradua\u00e7\u00e3o em Educa\u00e7\u00e3o da Faculdade de Ci\u00eancias e Letras da Unesp. Coordena o Grupo de Estudos e Pesquisas em Educa\u00e7\u00e3o Moral (Gepem \u2013 Unesp\/ Unicamp) e a Rede de Equipes de Ajuda do Brasil. Dedica-se \u00e0 escrita de livros infantis desde 2006, com mais de 30 t\u00edtulos publicados.<\/p>\n","protected":false},"excerpt":{"rendered":"<p>Um livro que fala sobre delicadeza para com os outros, empatia e generosidade de sentimentos \u00e9 o novo lan\u00e7amento da Editora Adonis. Escrito por Luciene Tognetta e ilustrado por Bill [&hellip;]<\/p>\n","protected":false},"author":2,"featured_media":1750,"comment_status":"open","ping_status":"closed","sticky":false,"template":"","format":"standard","meta":{"footnotes":""},"categories":[44],"tags":[64,53,65],"class_list":["post-1749","post","type-post","status-publish","format-standard","has-post-thumbnail","hentry","category-acontece","tag-adonopolis-2","tag-literatura","tag-literaturainfantil"],"_links":{"self":[{"href":"https:\/\/editoraadonis.com.br\/blog\/index.php?rest_route=\/wp\/v2\/posts\/1749","targetHints":{"allow":["GET"]}}],"collection":[{"href":"https:\/\/editoraadonis.com.br\/blog\/index.php?rest_route=\/wp\/v2\/posts"}],"about":[{"href":"https:\/\/editoraadonis.com.br\/blog\/index.php?rest_route=\/wp\/v2\/types\/post"}],"author":[{"embeddable":true,"href":"https:\/\/editoraadonis.com.br\/blog\/index.php?rest_route=\/wp\/v2\/users\/2"}],"replies":[{"embeddable":true,"href":"https:\/\/editoraadonis.com.br\/blog\/index.php?rest_route=%2Fwp%2Fv2%2Fcomments&post=1749"}],"version-history":[{"count":1,"href":"https:\/\/editoraadonis.com.br\/blog\/index.php?rest_route=\/wp\/v2\/posts\/1749\/revisions"}],"predecessor-version":[{"id":1751,"href":"https:\/\/editoraadonis.com.br\/blog\/index.php?rest_route=\/wp\/v2\/posts\/1749\/revisions\/1751"}],"wp:featuredmedia":[{"embeddable":true,"href":"https:\/\/editoraadonis.com.br\/blog\/index.php?rest_route=\/wp\/v2\/media\/1750"}],"wp:attachment":[{"href":"https:\/\/editoraadonis.com.br\/blog\/index.php?rest_route=%2Fwp%2Fv2%2Fmedia&parent=1749"}],"wp:term":[{"taxonomy":"category","embeddable":true,"href":"https:\/\/editoraadonis.com.br\/blog\/index.php?rest_route=%2Fwp%2Fv2%2Fcategories&post=1749"},{"taxonomy":"post_tag","embeddable":true,"href":"https:\/\/editoraadonis.com.br\/blog\/index.php?rest_route=%2Fwp%2Fv2%2Ftags&post=1749"}],"curies":[{"name":"wp","href":"https:\/\/api.w.org\/{rel}","templated":true}]}}