{"id":1744,"date":"2025-01-06T13:48:39","date_gmt":"2025-01-06T13:48:39","guid":{"rendered":"https:\/\/editoraadonis.com.br\/blog\/?p=1744"},"modified":"2025-01-06T13:48:39","modified_gmt":"2025-01-06T13:48:39","slug":"adonopolis-volta-a-receber-oficina-de-musicalizacao-infantil-neste-sabado-11-e-programacao-de-ferias-nesta-terca-feira-7","status":"publish","type":"post","link":"https:\/\/editoraadonis.com.br\/blog\/?p=1744","title":{"rendered":"Adon\u00f3polis volta a receber oficina de musicaliza\u00e7\u00e3o infantil neste s\u00e1bado (11) e programa\u00e7\u00e3o de f\u00e9rias nesta ter\u00e7a-feira (7)"},"content":{"rendered":"\n<p>Adon\u00f3polis volta a receber a &#8220;Oficina de Musicaliza\u00e7\u00e3o Infantil&#8221; neste s\u00e1bado (11), das 9 \u00e0s 12 horas. Com atividades l\u00fadicas conduzidas por Elaine Prado&nbsp;e voltadas especialmente para participantes de at\u00e9 cinco anos de idade, a oficina tamb\u00e9m prop\u00f5e a intera\u00e7\u00e3o com os adultos, j\u00e1 que cada crian\u00e7a pode participar acompanhada de um respons\u00e1vel. Os ingressos podem ser adquiridos no site (<a>www.adonopolis.com.br\/oficinas<\/a>).<\/p>\n\n\n\n<p>&#8220;O espa\u00e7o \u00e9 muito gostoso e as crian\u00e7as v\u00eam para participar em fam\u00edlia, em atividades din\u00e2micas, desenvolvidas especialmente para abranger as menores, muitas vezes de colo, e as maiores. Essas manh\u00e3s de aprendizado t\u00eam sido muito prazerosas&#8221;, revela Elaine. \u201cAssim como os encontros anteriores, teremos atividades l\u00fadicas de intera\u00e7\u00e3o da crian\u00e7a com a fam\u00edlia. Haver\u00e1 jogos e brincadeiras que far\u00e3o com que a crian\u00e7a aprenda ritmos, sons e timbres. A proposta \u00e9 que ela brinque, se divirta, dentro de um prop\u00f3sito significativo de aprendizagem\u201d, explica.<\/p>\n\n\n\n<p>Autora da s\u00e9rie &#8216;A Arte de Brincar com M\u00fasica&#8217;, publicada pela Editora Adonis, composta por cinco volumes sobre Musicaliza\u00e7\u00e3o Infantil para crian\u00e7as do 1\u00b0 ao 5\u00b0 ano do Ensino Fundamental, Elaine destaca os benef\u00edcios da m\u00fasica no processo de aprendizagem. \u201cEstudos mostram que a musicaliza\u00e7\u00e3o aumenta a capacidade de racioc\u00ednio em 25%. Ela tamb\u00e9m estimula a concentra\u00e7\u00e3o, mem\u00f3ria, express\u00e3o corporal, seguran\u00e7a emocional, facilita a socializa\u00e7\u00e3o, a coopera\u00e7\u00e3o e a empatia nas crian\u00e7as\u201d.&nbsp;Especialista em Musicaliza\u00e7\u00e3o Infantil e formada em Licenciatura em M\u00fasica, Pedagogia, Arteterapia, Ludopedagogia, Psicomotricidade e Psicopedagogia, Elaine Prado tamb\u00e9m \u00e9 Mestre em Psicologia com \u00eanfase em Desenvolvimento Infantil.<\/p>\n\n\n\n<p>&#8216;F\u00e9rias em Adon\u00f3polis\u2019&nbsp;<br>Muitas hist\u00f3rias, aventuras, brincadeiras e divers\u00e3o voltam a movimentar Adon\u00f3polis nessas f\u00e9rias escolares. No fim do ano, as atividades foram desenvolvidas entre 27 de novembro e 19 de dezembro. Em janeiro, a programa\u00e7\u00e3o ser\u00e1 retomada na tarde desta ter\u00e7a-feira (7) e seguir\u00e1 at\u00e9 o dia 24, sempre de segunda a sexta-feira, das 8 \u00e0s 12 horas e das 13 \u00e0s 17 horas.&nbsp;O espa\u00e7o criado pela Editora Adonis conta com oficinas art\u00edsticas, jogos criativos, leitura, roda de hist\u00f3rias, teatro, m\u00fasica, brincadeiras e intera\u00e7\u00f5es, destinadas a crian\u00e7as de 4 a 12 anos (menores de 4 anos devem estar acompanhadas por um respons\u00e1vel).<\/p>\n\n\n\n<p>Em cada per\u00edodo, a programa\u00e7\u00e3o tem uma proposta de leitura, com atividades relacionadas ao livro do dia, mediadas por pedagoga e monitores.\u00a0A cada pacote adquirido com cinco tickets, a crian\u00e7a ganha um sexto ingresso. H\u00e1 a op\u00e7\u00e3o do ticket v\u00e1lido por um per\u00edodo de quatro horas, que inclui pipoca \u00e0 vontade e lanche, pelo valor de R$ 90. E h\u00e1 ainda a op\u00e7\u00e3o do ticket adquirido pelo valor de R$ 110, tamb\u00e9m pelo per\u00edodo de quatro horas e que inclui pipoca \u00e0 vontade e lanche, em que a crian\u00e7a poder\u00e1 levar para casa o livro que inspirou a atividade desenvolvida, no per\u00edodo em que participou.<br><br>Para participar das atividades, \u00e9 necess\u00e1rio agendamento\u00a0no site (<a>www.adonopolis.com.br<\/a>). Adon\u00f3polis fica localizada na Rua Jos\u00e9 Bonif\u00e1cio, 174, em Americana. Mais informa\u00e7\u00f5es podem ser obtidas pelo WhatsApp (19) 99186-5479 ou pelo telefone (19) 3471-5608.<br><br>(Na foto, Elaine Prado, respons\u00e1vel pela Oficina de Musicaliza\u00e7\u00e3o Infantil)<\/p>\n","protected":false},"excerpt":{"rendered":"<p>Adon\u00f3polis volta a receber a &#8220;Oficina de Musicaliza\u00e7\u00e3o Infantil&#8221; neste s\u00e1bado (11), das 9 \u00e0s 12 horas. Com atividades l\u00fadicas conduzidas por Elaine Prado&nbsp;e voltadas especialmente para participantes de at\u00e9 [&hellip;]<\/p>\n","protected":false},"author":2,"featured_media":1745,"comment_status":"open","ping_status":"closed","sticky":false,"template":"","format":"standard","meta":{"footnotes":""},"categories":[44],"tags":[64,62,65],"class_list":["post-1744","post","type-post","status-publish","format-standard","has-post-thumbnail","hentry","category-acontece","tag-adonopolis-2","tag-americana","tag-literaturainfantil"],"_links":{"self":[{"href":"https:\/\/editoraadonis.com.br\/blog\/index.php?rest_route=\/wp\/v2\/posts\/1744","targetHints":{"allow":["GET"]}}],"collection":[{"href":"https:\/\/editoraadonis.com.br\/blog\/index.php?rest_route=\/wp\/v2\/posts"}],"about":[{"href":"https:\/\/editoraadonis.com.br\/blog\/index.php?rest_route=\/wp\/v2\/types\/post"}],"author":[{"embeddable":true,"href":"https:\/\/editoraadonis.com.br\/blog\/index.php?rest_route=\/wp\/v2\/users\/2"}],"replies":[{"embeddable":true,"href":"https:\/\/editoraadonis.com.br\/blog\/index.php?rest_route=%2Fwp%2Fv2%2Fcomments&post=1744"}],"version-history":[{"count":1,"href":"https:\/\/editoraadonis.com.br\/blog\/index.php?rest_route=\/wp\/v2\/posts\/1744\/revisions"}],"predecessor-version":[{"id":1746,"href":"https:\/\/editoraadonis.com.br\/blog\/index.php?rest_route=\/wp\/v2\/posts\/1744\/revisions\/1746"}],"wp:featuredmedia":[{"embeddable":true,"href":"https:\/\/editoraadonis.com.br\/blog\/index.php?rest_route=\/wp\/v2\/media\/1745"}],"wp:attachment":[{"href":"https:\/\/editoraadonis.com.br\/blog\/index.php?rest_route=%2Fwp%2Fv2%2Fmedia&parent=1744"}],"wp:term":[{"taxonomy":"category","embeddable":true,"href":"https:\/\/editoraadonis.com.br\/blog\/index.php?rest_route=%2Fwp%2Fv2%2Fcategories&post=1744"},{"taxonomy":"post_tag","embeddable":true,"href":"https:\/\/editoraadonis.com.br\/blog\/index.php?rest_route=%2Fwp%2Fv2%2Ftags&post=1744"}],"curies":[{"name":"wp","href":"https:\/\/api.w.org\/{rel}","templated":true}]}}