{"id":1731,"date":"2024-12-04T19:18:38","date_gmt":"2024-12-04T19:18:38","guid":{"rendered":"https:\/\/editoraadonis.com.br\/blog\/?p=1731"},"modified":"2024-12-09T14:10:21","modified_gmt":"2024-12-09T14:10:21","slug":"escritora-e-professora-soteropolitana-lanca-livro-infantil-que-aborda-identidade-e-autoestima-no-sabado-14","status":"publish","type":"post","link":"https:\/\/editoraadonis.com.br\/blog\/?p=1731","title":{"rendered":"Escritora e professora soteropolitana lan\u00e7a livro infantil publicado pela Editora Adonis em Salvador, no s\u00e1bado (14)"},"content":{"rendered":"\n<p>A hist\u00f3ria de uma menina negra e a maneira como ela lida com quest\u00f5es como identidade e autoestima s\u00e3o temas do novo lan\u00e7amento da Editora Adonis: &#8216;Este cabelo \u00e9 meu!&#8217;, livro infantil escrito por Dejanira Rainha e ilustrado por Andr\u00e9 Cerino. Depois de passar por Adon\u00f3polis, o espa\u00e7o criado pela Editora Adonis em Americana (SP), a agenda de lan\u00e7amentos segue para Salvador, onde o evento ser\u00e1 realizado no s\u00e1bado (14), \u00e0s 10 horas, na Livraria LDM do Shopping Bela Vista. A manh\u00e3 ter\u00e1 as participa\u00e7\u00f5es da atriz e poeta, Duda Santhana, e da declamadora e dan\u00e7arina afro, Dandara Rohrs.<\/p>\n\n\n\n<p>A escritora revela que o livro foi escrito atendendo a um pedido. \u201cO livro surgiu do convite de escrever textos para uma creche p\u00fablica de Mata de S\u00e3o Jo\u00e3o e o pedido era por hist\u00f3rias que valorizassem a diversidade de crian\u00e7as da sala e, principalmente, das que sofrem preconceito racial, com seus cabelos, que se sentem menos bonitas porque n\u00e3o se sentem representadas\u201d, conta. \u201cComo mulher negra, soteropolitana, nascida na periferia da Bahia e professora, essas quest\u00f5es sempre v\u00eam at\u00e9 mim de alguma maneira: chegam pelas minhas crian\u00e7as, por mim mesma, por usar o meu cabelo natural, e pelas minhas amigas negras que contam seus relatos\u201d, completa.&nbsp;<\/p>\n\n\n\n<p>No poema constru\u00eddo de modo quase musical, a fam\u00edlia da personagem se faz presente de maneira muito representativa. \u201cExiste uma quest\u00e3o muito curiosa que \u00e9 o papel do pai naquela fam\u00edlia, que diz &#8216;seu cabelo \u00e9 lindo&#8217;, que faz cafun\u00e9&#8230; H\u00e1 a representa\u00e7\u00e3o do meu pai como figura tamb\u00e9m de um homem negro que valorizava, que dizia que eu n\u00e3o podia falar coisas negativas de mim mesma\u201d, explica. \u201cIsso \u00e9 uma curiosidade que acredito que o livro tem e que eu trago da minha pr\u00f3pria hist\u00f3ria, de menina negra que foi muito incentivada pela figura paterna\u201d, complementa Dejanira.&nbsp;<\/p>\n\n\n\n<p>O trabalho de cria\u00e7\u00e3o desenvolvido pelo ilustrador Andr\u00e9 Cerino tamb\u00e9m \u00e9 destacado pela escritora. \u201cAs representa\u00e7\u00f5es que esse livro traz, a partir da ilustra\u00e7\u00e3o e do texto, \u00e9 algo muito caro pra mim como escritora. E o texto infantil \u00e9 sempre feito \u00e0 quatro m\u00e3os. As do ilustrador s\u00e3o, sem d\u00favida, important\u00edssimas para esse imag\u00e9tico associado \u00e0 literatura infantil\u201d, refor\u00e7a.<\/p>\n\n\n\n<p>Sobre a escritora<br>Dejanira Rainha Santos Melo \u00e9 professora, poeta e idealizadora do projeto social antirracista e antimachista &#8220;Biblioteca Social Afro-ind\u00edgena Meninas do Sub\u00farbio\u201d, que tem sede em Alto de Coutos, sub\u00farbio ferrovi\u00e1rio de Salvador. \u00c9 idealizadora e coautora da FLESF &#8211; Festa Liter\u00e1ria Escolar do Sub\u00farbio Ferrovi\u00e1rio, juntamente com Jovina Souza. Pedagoga formada pela UFBA, \u00e9 p\u00f3s-graduada em Gest\u00e3o Educacional e atua como professora h\u00e1 30 anos, sendo 24 deles na rede municipal de ensino de Salvador, onde \u00e9 concursada desde o ano 2000. Trabalha atualmente na Escola Municipal Alto de Coutos.<\/p>\n","protected":false},"excerpt":{"rendered":"<p>A hist\u00f3ria de uma menina negra e a maneira como ela lida com quest\u00f5es como identidade e autoestima s\u00e3o temas do novo lan\u00e7amento da Editora Adonis: &#8216;Este cabelo \u00e9 meu!&#8217;, [&hellip;]<\/p>\n","protected":false},"author":2,"featured_media":1732,"comment_status":"open","ping_status":"closed","sticky":false,"template":"","format":"standard","meta":{"footnotes":""},"categories":[44],"tags":[53,65],"class_list":["post-1731","post","type-post","status-publish","format-standard","has-post-thumbnail","hentry","category-acontece","tag-literatura","tag-literaturainfantil"],"_links":{"self":[{"href":"https:\/\/editoraadonis.com.br\/blog\/index.php?rest_route=\/wp\/v2\/posts\/1731","targetHints":{"allow":["GET"]}}],"collection":[{"href":"https:\/\/editoraadonis.com.br\/blog\/index.php?rest_route=\/wp\/v2\/posts"}],"about":[{"href":"https:\/\/editoraadonis.com.br\/blog\/index.php?rest_route=\/wp\/v2\/types\/post"}],"author":[{"embeddable":true,"href":"https:\/\/editoraadonis.com.br\/blog\/index.php?rest_route=\/wp\/v2\/users\/2"}],"replies":[{"embeddable":true,"href":"https:\/\/editoraadonis.com.br\/blog\/index.php?rest_route=%2Fwp%2Fv2%2Fcomments&post=1731"}],"version-history":[{"count":2,"href":"https:\/\/editoraadonis.com.br\/blog\/index.php?rest_route=\/wp\/v2\/posts\/1731\/revisions"}],"predecessor-version":[{"id":1735,"href":"https:\/\/editoraadonis.com.br\/blog\/index.php?rest_route=\/wp\/v2\/posts\/1731\/revisions\/1735"}],"wp:featuredmedia":[{"embeddable":true,"href":"https:\/\/editoraadonis.com.br\/blog\/index.php?rest_route=\/wp\/v2\/media\/1732"}],"wp:attachment":[{"href":"https:\/\/editoraadonis.com.br\/blog\/index.php?rest_route=%2Fwp%2Fv2%2Fmedia&parent=1731"}],"wp:term":[{"taxonomy":"category","embeddable":true,"href":"https:\/\/editoraadonis.com.br\/blog\/index.php?rest_route=%2Fwp%2Fv2%2Fcategories&post=1731"},{"taxonomy":"post_tag","embeddable":true,"href":"https:\/\/editoraadonis.com.br\/blog\/index.php?rest_route=%2Fwp%2Fv2%2Ftags&post=1731"}],"curies":[{"name":"wp","href":"https:\/\/api.w.org\/{rel}","templated":true}]}}