{"id":1716,"date":"2024-10-14T19:39:44","date_gmt":"2024-10-14T19:39:44","guid":{"rendered":"https:\/\/editoraadonis.com.br\/blog\/?p=1716"},"modified":"2024-10-14T19:39:45","modified_gmt":"2024-10-14T19:39:45","slug":"adonopolis-comemora-dia-do-professor-com-programacao-especial-nesta-terca-feira-15","status":"publish","type":"post","link":"https:\/\/editoraadonis.com.br\/blog\/?p=1716","title":{"rendered":"Adon\u00f3polis comemora Dia do Professor com programa\u00e7\u00e3o especial nesta ter\u00e7a-feira (15)"},"content":{"rendered":"\n<p>Adon\u00f3polis, o espa\u00e7o liter\u00e1rio e brincante criado pela Editora Adonis, realiza nesta ter\u00e7a-feira (15) uma programa\u00e7\u00e3o especial em comemora\u00e7\u00e3o ao Dia do Professor. Oferecidas em dois per\u00edodos, das 9 \u00e0s 12 horas e das 14 \u00e0s 17 horas, com op\u00e7\u00f5es que v\u00e3o de uma a tr\u00eas horas, as atividades elaboradas especialmente para a data v\u00e3o contar com oficinas de pintura facial e de constru\u00e7\u00e3o de um livro de mem\u00f3rias. Acompanhado de crian\u00e7a que adquirir o ingresso, no site de Adon\u00f3polis, o professor pode participar da programa\u00e7\u00e3o, gratuitamente.<\/p>\n\n\n\n<p>O espa\u00e7o fica em Americana e tem a proposta de reunir brincadeiras e atividades baseadas no universo dos livros infantojuvenis publicados pela Editora Adonis, que possui mais de 20 anos de atua\u00e7\u00e3o no mercado editorial. Al\u00e9m de pra\u00e7a tem\u00e1tica, Adon\u00f3polis conta com rua brincante e sala para oficinas. A estrutura ainda compreende o audit\u00f3rio para eventos &#8216;Adonis Berggren Comelato&#8217;, a Livraria Adonis e o Caf\u00e9 Liter\u00e1rio Adonis.&nbsp;<\/p>\n\n\n\n<p>A programa\u00e7\u00e3o de Adon\u00f3polis tamb\u00e9m possui eventos destinados \u00e0s fam\u00edlias. As visitas \u00e0 Adon\u00f3polis, \u00e0s quintas e sextas-feiras e aos s\u00e1bados, t\u00eam dura\u00e7\u00e3o m\u00ednima de uma hora, podendo se estender por at\u00e9 tr\u00eas horas. Aos s\u00e1bados, um adulto ainda pode acompanhar e participar gratuitamente da programa\u00e7\u00e3o. Nessa proposta, a crian\u00e7a \u00e9 envolvida em uma s\u00e9rie de atividades planejadas pela equipe pedag\u00f3gica e monitoradas pelos colaboradores. Mais informa\u00e7\u00f5es sobre o espa\u00e7o podem ser obtidas no site (www.adonopolis.com.br).<\/p>\n","protected":false},"excerpt":{"rendered":"<p>Adon\u00f3polis, o espa\u00e7o liter\u00e1rio e brincante criado pela Editora Adonis, realiza nesta ter\u00e7a-feira (15) uma programa\u00e7\u00e3o especial em comemora\u00e7\u00e3o ao Dia do Professor. Oferecidas em dois per\u00edodos, das 9 \u00e0s [&hellip;]<\/p>\n","protected":false},"author":2,"featured_media":1717,"comment_status":"open","ping_status":"closed","sticky":false,"template":"","format":"standard","meta":{"footnotes":""},"categories":[44],"tags":[64,62,72,53,65],"class_list":["post-1716","post","type-post","status-publish","format-standard","has-post-thumbnail","hentry","category-acontece","tag-adonopolis-2","tag-americana","tag-diadoprofessor","tag-literatura","tag-literaturainfantil"],"_links":{"self":[{"href":"https:\/\/editoraadonis.com.br\/blog\/index.php?rest_route=\/wp\/v2\/posts\/1716","targetHints":{"allow":["GET"]}}],"collection":[{"href":"https:\/\/editoraadonis.com.br\/blog\/index.php?rest_route=\/wp\/v2\/posts"}],"about":[{"href":"https:\/\/editoraadonis.com.br\/blog\/index.php?rest_route=\/wp\/v2\/types\/post"}],"author":[{"embeddable":true,"href":"https:\/\/editoraadonis.com.br\/blog\/index.php?rest_route=\/wp\/v2\/users\/2"}],"replies":[{"embeddable":true,"href":"https:\/\/editoraadonis.com.br\/blog\/index.php?rest_route=%2Fwp%2Fv2%2Fcomments&post=1716"}],"version-history":[{"count":1,"href":"https:\/\/editoraadonis.com.br\/blog\/index.php?rest_route=\/wp\/v2\/posts\/1716\/revisions"}],"predecessor-version":[{"id":1718,"href":"https:\/\/editoraadonis.com.br\/blog\/index.php?rest_route=\/wp\/v2\/posts\/1716\/revisions\/1718"}],"wp:featuredmedia":[{"embeddable":true,"href":"https:\/\/editoraadonis.com.br\/blog\/index.php?rest_route=\/wp\/v2\/media\/1717"}],"wp:attachment":[{"href":"https:\/\/editoraadonis.com.br\/blog\/index.php?rest_route=%2Fwp%2Fv2%2Fmedia&parent=1716"}],"wp:term":[{"taxonomy":"category","embeddable":true,"href":"https:\/\/editoraadonis.com.br\/blog\/index.php?rest_route=%2Fwp%2Fv2%2Fcategories&post=1716"},{"taxonomy":"post_tag","embeddable":true,"href":"https:\/\/editoraadonis.com.br\/blog\/index.php?rest_route=%2Fwp%2Fv2%2Ftags&post=1716"}],"curies":[{"name":"wp","href":"https:\/\/api.w.org\/{rel}","templated":true}]}}