{"id":1713,"date":"2024-10-04T19:24:35","date_gmt":"2024-10-04T19:24:35","guid":{"rendered":"https:\/\/editoraadonis.com.br\/blog\/?p=1713"},"modified":"2024-10-04T19:24:36","modified_gmt":"2024-10-04T19:24:36","slug":"igualdade-de-genero-e-tema-de-livro-infantojuvenil-que-sera-lancado-pela-editora-adonis","status":"publish","type":"post","link":"https:\/\/editoraadonis.com.br\/blog\/?p=1713","title":{"rendered":"Igualdade de g\u00eanero \u00e9 tema de livro infantojuvenil que ser\u00e1 lan\u00e7ado pela Editora Adonis"},"content":{"rendered":"\n<p>M\u00fasica e natureza foram os elementos escolhidos pelo pr\u00f3ximo lan\u00e7amento da Editora Adonis para a abordagem, com as crian\u00e7as, do tema da igualdade de g\u00eanero. Escrito por Eraldo Miranda e ilustrado por Simone Ziasch e Vicente Mendon\u00e7a, o livro \u201cCante de l\u00e1 que eu canto de c\u00e1\u201d ser\u00e1 lan\u00e7ado em Adon\u00f3polis, neste M\u00eas da Crian\u00e7a, no s\u00e1bado (26), a partir das 10 horas.<\/p>\n\n\n\n<p>\u201cEsse livro faz essa important\u00edssima reflex\u00e3o sobre o ODS 5 (Objetivo de Desenvolvimento Sustent\u00e1vel estabelecido pela ONU), que trata da igualdade de g\u00eanero. A ideia foi trazer um texto voltado para as bases, para que os meninos comecem a entender e a respeitar o espa\u00e7o e os direitos das meninas\u201d, explica Eraldo.<\/p>\n\n\n\n<p>Para tratar de forma l\u00fadica e liter\u00e1ria o tema, a inspira\u00e7\u00e3o veio da m\u00fasica e da natureza. \u201cOs p\u00e1ssaros cantam a todo momento e h\u00e1 uma unidade musical. Mas se essa unidade \u00e9 quebrada, n\u00e3o se tem a m\u00fasica\u201d, observa. \u201cPassei boa parte da minha vida na zona rural e sempre fui muito apaixonado por sabi\u00e1s. Como n\u00e3o sou especialista em aves, fui pesquisar sobre os tipos deles. E foi a\u00ed que pensei nessa quebra e tamb\u00e9m na intoler\u00e2ncia do p\u00e1ssaro macho quanto \u00e0 sabi\u00e1 &#8211; a representa\u00e7\u00e3o do feminino &#8211; ao achar que sua m\u00fasica \u00e9 melhor e, assim, fui construindo essa hist\u00f3ria\u201d, revela.<\/p>\n\n\n\n<p>O escritor v\u00ea como uma quest\u00e3o emergencial a abordagem do tema. \u201cEssa desarmonia \u00e9 um reflexo da nossa sociedade, pela forma discriminat\u00f3ria que a mulher \u00e9 tratada no dia a dia. A ideia \u00e9 mostrar que h\u00e1 diferen\u00e7as e semelhan\u00e7as, mas que masculino e feminino se complementam. Precisamos mudar e equiparar direitos e deveres, trazendo reflex\u00f5es e a\u00e7\u00f5es pr\u00e1ticas, que podem ser iniciadas a partir da literatura infantojuvenil\u201d, enfatiza.<\/p>\n\n\n\n<p>Para a participa\u00e7\u00e3o gratuita no evento de lan\u00e7amento do livro, \u00e9 necess\u00e1ria inscri\u00e7\u00e3o pr\u00e9via no site (www.adonopolis.com.br\/#agenda). Al\u00e9m da sess\u00e3o de aut\u00f3grafos e bate-papo com o escritor, a programa\u00e7\u00e3o, que \u00e9 destinada a toda a fam\u00edlia, contar\u00e1 com conta\u00e7\u00e3o de hist\u00f3rias e din\u00e2micas brincantes.<\/p>\n\n\n\n<p>Sobre o escritor<br>Graduado em Literatura Brasileira pela UNG &#8211; Universidade Guarulhos, cr\u00edtico liter\u00e1rio pela PUC-SP e pesquisador de literatura oral folcl\u00f3rica, Eraldo Miranda desenvolve did\u00e1ticas para o est\u00edmulo de habilidades e compet\u00eancias leitoras. Nasceu em Alum\u00ednio, no interior paulista, e passou a maior parte de sua inf\u00e2ncia em Tatu\u00ed, junto dos seus muitos irm\u00e3os e dos pais, Jos\u00e9 e Marta. Possui dezenas de obras de grande contribui\u00e7\u00e3o para a literatura infantojuvenil.<\/p>\n","protected":false},"excerpt":{"rendered":"<p>M\u00fasica e natureza foram os elementos escolhidos pelo pr\u00f3ximo lan\u00e7amento da Editora Adonis para a abordagem, com as crian\u00e7as, do tema da igualdade de g\u00eanero. Escrito por Eraldo Miranda e [&hellip;]<\/p>\n","protected":false},"author":2,"featured_media":1714,"comment_status":"open","ping_status":"closed","sticky":false,"template":"","format":"standard","meta":{"footnotes":""},"categories":[44],"tags":[64,62,53,65],"class_list":["post-1713","post","type-post","status-publish","format-standard","has-post-thumbnail","hentry","category-acontece","tag-adonopolis-2","tag-americana","tag-literatura","tag-literaturainfantil"],"_links":{"self":[{"href":"https:\/\/editoraadonis.com.br\/blog\/index.php?rest_route=\/wp\/v2\/posts\/1713","targetHints":{"allow":["GET"]}}],"collection":[{"href":"https:\/\/editoraadonis.com.br\/blog\/index.php?rest_route=\/wp\/v2\/posts"}],"about":[{"href":"https:\/\/editoraadonis.com.br\/blog\/index.php?rest_route=\/wp\/v2\/types\/post"}],"author":[{"embeddable":true,"href":"https:\/\/editoraadonis.com.br\/blog\/index.php?rest_route=\/wp\/v2\/users\/2"}],"replies":[{"embeddable":true,"href":"https:\/\/editoraadonis.com.br\/blog\/index.php?rest_route=%2Fwp%2Fv2%2Fcomments&post=1713"}],"version-history":[{"count":1,"href":"https:\/\/editoraadonis.com.br\/blog\/index.php?rest_route=\/wp\/v2\/posts\/1713\/revisions"}],"predecessor-version":[{"id":1715,"href":"https:\/\/editoraadonis.com.br\/blog\/index.php?rest_route=\/wp\/v2\/posts\/1713\/revisions\/1715"}],"wp:featuredmedia":[{"embeddable":true,"href":"https:\/\/editoraadonis.com.br\/blog\/index.php?rest_route=\/wp\/v2\/media\/1714"}],"wp:attachment":[{"href":"https:\/\/editoraadonis.com.br\/blog\/index.php?rest_route=%2Fwp%2Fv2%2Fmedia&parent=1713"}],"wp:term":[{"taxonomy":"category","embeddable":true,"href":"https:\/\/editoraadonis.com.br\/blog\/index.php?rest_route=%2Fwp%2Fv2%2Fcategories&post=1713"},{"taxonomy":"post_tag","embeddable":true,"href":"https:\/\/editoraadonis.com.br\/blog\/index.php?rest_route=%2Fwp%2Fv2%2Ftags&post=1713"}],"curies":[{"name":"wp","href":"https:\/\/api.w.org\/{rel}","templated":true}]}}