{"id":1709,"date":"2024-10-02T20:01:05","date_gmt":"2024-10-02T20:01:05","guid":{"rendered":"https:\/\/editoraadonis.com.br\/blog\/?p=1709"},"modified":"2024-10-03T10:54:52","modified_gmt":"2024-10-03T10:54:52","slug":"celular-sim-ou-naodesenvolvimento-infantil-na-era-virtual-inspira-colecao-da-editora-adonis","status":"publish","type":"post","link":"https:\/\/editoraadonis.com.br\/blog\/?p=1709","title":{"rendered":"Celular: sim ou n\u00e3o? Desenvolvimento infantil na era virtual inspira cole\u00e7\u00e3o da Editora Adonis"},"content":{"rendered":"\n<p>A proibi\u00e7\u00e3o de celulares nas escolas tem ganhado o centro das discuss\u00f5es desde que o Minist\u00e9rio da Educa\u00e7\u00e3o anunciou, para este m\u00eas, a cria\u00e7\u00e3o de um projeto de lei abrangendo o ensino p\u00fablico e o privado. O desenvolvimento das estruturas de intelig\u00eancia da crian\u00e7a, uma quest\u00e3o que possui uma estreita rela\u00e7\u00e3o com essa discuss\u00e3o, inspirou uma trilogia publicada pela Editora Adonis. Com tr\u00eas livros, a \u2018Cole\u00e7\u00e3o Tr\u00eas Meninos\u2019 foi escrita pela doutora em Educa\u00e7\u00e3o, Ana L\u00facia P. de Camargo, e \u00e9 composta pelos t\u00edtulos \u2018O menino Rafael: h\u00e1 tempo para tudo\u2019, \u2018O menino Artur: h\u00e1 explica\u00e7\u00e3o para tudo\u2019 e \u2018O menino Felipe: h\u00e1 espa\u00e7o para tudo\u2019, todos ilustrados por Paulo R. Masserani.<\/p>\n\n\n\n<p>Por meio da literatura infantojuvenil e da contribui\u00e7\u00e3o das pesquisas que a autora realiza na \u00e1rea de Educa\u00e7\u00e3o, a cole\u00e7\u00e3o visa ajudar pais e filhos, e tamb\u00e9m educadores, a constru\u00edrem as estruturas infral\u00f3gicas, que tratam das no\u00e7\u00f5es de espa\u00e7o, tempo e causa e que s\u00e3o adquiridas em brincadeiras e experi\u00eancias com o mundo real, atrav\u00e9s dos meios f\u00edsico e social. As publica\u00e7\u00f5es abordam a necessidade da viv\u00eancia, da explora\u00e7\u00e3o e da intera\u00e7\u00e3o da crian\u00e7a com o mundo. \u201cN\u00e3o se trata de ser contra os aparelhos. A era virtual \u00e9 uma realidade. Mas ficamos preocupados com as crian\u00e7as em frente \u00e0s telas, a todo momento\u201d, explica. \u201cPorque o conhecimento se d\u00e1 a partir da intera\u00e7\u00e3o da crian\u00e7a, tanto com pessoas como objetos, com os quais s\u00e3o estabelecidas rela\u00e7\u00f5es chamadas de l\u00f3gico-matem\u00e1ticas, que s\u00e3o a base da intelig\u00eancia\u201d, complementa.<\/p>\n\n\n\n<p>A no\u00e7\u00e3o de espa\u00e7o, tratada por meio do menino Felipe, foi objeto de estudo no Mestrado e Doutorado da escritora. \u201cA no\u00e7\u00e3o de espa\u00e7o, por exemplo, \u00e9 constru\u00edda, brincando. Crian\u00e7as que n\u00e3o desenvolvem isso, muitas vezes pela exposi\u00e7\u00e3o excessiva \u00e0s telas, n\u00e3o t\u00eam no\u00e7\u00e3o de perspectiva, de medida, de reta\u2026 E, com isso, apresentam dificuldade de aprendizado, porque isso n\u00e3o foi explorado\u201d, destaca.<\/p>\n\n\n\n<p>A trilogia tamb\u00e9m aborda as quest\u00f5es de tempo, por meio do personagem Rafael, e causalidade (explica\u00e7\u00e3o), por meio do garoto Artur. \u201cSem essas no\u00e7\u00f5es, as crian\u00e7as n\u00e3o conseguem organizar o real. Elas precisam construir conhecimento pelo seu desenvolvimento espont\u00e2neo. Brincando, trazem solu\u00e7\u00f5es pra viver neste mundo\u201d, explica. \u201cO trabalho, quando crian\u00e7a, \u00e9 o brincar, como j\u00e1 dizia Piaget\u201d.<\/p>\n\n\n\n<p>Sobre a escritora<br>Pedagoga e especialista em rela\u00e7\u00f5es interpessoais, Ana L\u00facia P. de Camargo possui Mestrado e Doutorado em Educa\u00e7\u00e3o pela Unicamp. \u00c9 tamb\u00e9m pesquisadora do Laborat\u00f3rio de Psicologia Gen\u00e9tica (LPG \u2013 Unicamp).<\/p>\n","protected":false},"excerpt":{"rendered":"<p>A proibi\u00e7\u00e3o de celulares nas escolas tem ganhado o centro das discuss\u00f5es desde que o Minist\u00e9rio da Educa\u00e7\u00e3o anunciou, para este m\u00eas, a cria\u00e7\u00e3o de um projeto de lei abrangendo [&hellip;]<\/p>\n","protected":false},"author":2,"featured_media":1710,"comment_status":"open","ping_status":"closed","sticky":false,"template":"","format":"standard","meta":{"footnotes":""},"categories":[44],"tags":[53,65],"class_list":["post-1709","post","type-post","status-publish","format-standard","has-post-thumbnail","hentry","category-acontece","tag-literatura","tag-literaturainfantil"],"_links":{"self":[{"href":"https:\/\/editoraadonis.com.br\/blog\/index.php?rest_route=\/wp\/v2\/posts\/1709","targetHints":{"allow":["GET"]}}],"collection":[{"href":"https:\/\/editoraadonis.com.br\/blog\/index.php?rest_route=\/wp\/v2\/posts"}],"about":[{"href":"https:\/\/editoraadonis.com.br\/blog\/index.php?rest_route=\/wp\/v2\/types\/post"}],"author":[{"embeddable":true,"href":"https:\/\/editoraadonis.com.br\/blog\/index.php?rest_route=\/wp\/v2\/users\/2"}],"replies":[{"embeddable":true,"href":"https:\/\/editoraadonis.com.br\/blog\/index.php?rest_route=%2Fwp%2Fv2%2Fcomments&post=1709"}],"version-history":[{"count":2,"href":"https:\/\/editoraadonis.com.br\/blog\/index.php?rest_route=\/wp\/v2\/posts\/1709\/revisions"}],"predecessor-version":[{"id":1712,"href":"https:\/\/editoraadonis.com.br\/blog\/index.php?rest_route=\/wp\/v2\/posts\/1709\/revisions\/1712"}],"wp:featuredmedia":[{"embeddable":true,"href":"https:\/\/editoraadonis.com.br\/blog\/index.php?rest_route=\/wp\/v2\/media\/1710"}],"wp:attachment":[{"href":"https:\/\/editoraadonis.com.br\/blog\/index.php?rest_route=%2Fwp%2Fv2%2Fmedia&parent=1709"}],"wp:term":[{"taxonomy":"category","embeddable":true,"href":"https:\/\/editoraadonis.com.br\/blog\/index.php?rest_route=%2Fwp%2Fv2%2Fcategories&post=1709"},{"taxonomy":"post_tag","embeddable":true,"href":"https:\/\/editoraadonis.com.br\/blog\/index.php?rest_route=%2Fwp%2Fv2%2Ftags&post=1709"}],"curies":[{"name":"wp","href":"https:\/\/api.w.org\/{rel}","templated":true}]}}