{"id":1663,"date":"2024-06-04T15:55:57","date_gmt":"2024-06-04T15:55:57","guid":{"rendered":"https:\/\/editoraadonis.com.br\/blog\/?p=1663"},"modified":"2024-06-08T09:38:54","modified_gmt":"2024-06-08T09:38:54","slug":"adonopolis-recebe-oficina-de-educacao-ambiental-infantil-inspirada-em-livro-neste-sabado","status":"publish","type":"post","link":"https:\/\/editoraadonis.com.br\/blog\/?p=1663","title":{"rendered":"Adon\u00f3polis recebe oficina de educa\u00e7\u00e3o ambiental infantil inspirada em livro, neste s\u00e1bado\u00a0"},"content":{"rendered":"\n<p>No m\u00eas em que \u00e9 celebrado o Dia Mundial do Meio Ambiente, Adon\u00f3polis contar\u00e1 com atividade especial. Inspirado em \u201cA horta da Lel\u00ea\u201d, publica\u00e7\u00e3o bilingue lan\u00e7ada pela Editora Adonis, e no trabalho de seu escritor, Fagner Zanetti, que tamb\u00e9m \u00e9 professor e paisagista, o espa\u00e7o recebe uma oficina de educa\u00e7\u00e3o ambiental infantil neste s\u00e1bado (08), das 9 \u00e0s 12 horas.\u00a0Os ingressos para a atividade, que permite a participa\u00e7\u00e3o gratuita do adulto acompanhante, podem ser adquiridos no site\u00a0<a>www.adonopolis.com.br<\/a>.\u00a0<br>\u00a0<br>Indicada para crian\u00e7as de 3 a 12 anos, a oficina ir\u00e1 propor a produ\u00e7\u00e3o de uma hortinha e de uma mini estufa. \u201cCom garrafa pet faremos uma horta 100% org\u00e2nica para o plantio de hortali\u00e7as, desde o preparo, e a crian\u00e7a vai poder lev\u00e1-la para cuidar em casa. Al\u00e9m disso, vamos fazer uma mini estufa com caixa de leite, para o plantio de sementes de girassol. Tudo sempre pensando no reaproveitamento\u201d, explica Fagner.\u00a0<br>\u00a0<br>Lan\u00e7ada pela Editora Adonis tamb\u00e9m no idioma espanhol (\u201cLa huerta de Leti\u201d), a publica\u00e7\u00e3o integra um projeto de educa\u00e7\u00e3o ambiental infantil levado a mais de 20 mil crian\u00e7as do pa\u00eds. \u201cA hist\u00f3ria apresenta v\u00e1rios tipos de flores e mostra como transformar o interior de uma garrafa pet em uma horta. O livro prop\u00f5e trabalhar com as crian\u00e7as o tema sustentabilidade, por meio da import\u00e2ncia do cuidado com o planeta, da alimenta\u00e7\u00e3o saud\u00e1vel e tamb\u00e9m da reciclagem\u201d, destaca o escritor.<br>\u00a0<\/p>\n","protected":false},"excerpt":{"rendered":"<p>No m\u00eas em que \u00e9 celebrado o Dia Mundial do Meio Ambiente, Adon\u00f3polis contar\u00e1 com atividade especial. Inspirado em \u201cA horta da Lel\u00ea\u201d, publica\u00e7\u00e3o bilingue lan\u00e7ada pela Editora Adonis, e [&hellip;]<\/p>\n","protected":false},"author":2,"featured_media":1664,"comment_status":"open","ping_status":"closed","sticky":false,"template":"","format":"standard","meta":{"footnotes":""},"categories":[44],"tags":[64,65],"class_list":["post-1663","post","type-post","status-publish","format-standard","has-post-thumbnail","hentry","category-acontece","tag-adonopolis-2","tag-literaturainfantil"],"_links":{"self":[{"href":"https:\/\/editoraadonis.com.br\/blog\/index.php?rest_route=\/wp\/v2\/posts\/1663","targetHints":{"allow":["GET"]}}],"collection":[{"href":"https:\/\/editoraadonis.com.br\/blog\/index.php?rest_route=\/wp\/v2\/posts"}],"about":[{"href":"https:\/\/editoraadonis.com.br\/blog\/index.php?rest_route=\/wp\/v2\/types\/post"}],"author":[{"embeddable":true,"href":"https:\/\/editoraadonis.com.br\/blog\/index.php?rest_route=\/wp\/v2\/users\/2"}],"replies":[{"embeddable":true,"href":"https:\/\/editoraadonis.com.br\/blog\/index.php?rest_route=%2Fwp%2Fv2%2Fcomments&post=1663"}],"version-history":[{"count":3,"href":"https:\/\/editoraadonis.com.br\/blog\/index.php?rest_route=\/wp\/v2\/posts\/1663\/revisions"}],"predecessor-version":[{"id":1668,"href":"https:\/\/editoraadonis.com.br\/blog\/index.php?rest_route=\/wp\/v2\/posts\/1663\/revisions\/1668"}],"wp:featuredmedia":[{"embeddable":true,"href":"https:\/\/editoraadonis.com.br\/blog\/index.php?rest_route=\/wp\/v2\/media\/1664"}],"wp:attachment":[{"href":"https:\/\/editoraadonis.com.br\/blog\/index.php?rest_route=%2Fwp%2Fv2%2Fmedia&parent=1663"}],"wp:term":[{"taxonomy":"category","embeddable":true,"href":"https:\/\/editoraadonis.com.br\/blog\/index.php?rest_route=%2Fwp%2Fv2%2Fcategories&post=1663"},{"taxonomy":"post_tag","embeddable":true,"href":"https:\/\/editoraadonis.com.br\/blog\/index.php?rest_route=%2Fwp%2Fv2%2Ftags&post=1663"}],"curies":[{"name":"wp","href":"https:\/\/api.w.org\/{rel}","templated":true}]}}